{"id":6868,"date":"2024-11-19T10:38:34","date_gmt":"2024-11-19T09:38:34","guid":{"rendered":"https:\/\/iicberlino.esteri.it\/?p=6868"},"modified":"2024-11-19T10:46:35","modified_gmt":"2024-11-19T09:46:35","slug":"ein-herzliches-willlkommen-dem-neuen-direktor-des-iic-berlino-alessandro-turci","status":"publish","type":"post","link":"https:\/\/iicberlino.esteri.it\/de\/news\/dall_istituto\/2024\/11\/ein-herzliches-willlkommen-dem-neuen-direktor-des-iic-berlino-alessandro-turci\/","title":{"rendered":"Ein herzliches Willlkommen dem neuen Direktor des IIC Berlino, Alessandro Turci!"},"content":{"rendered":"<p>Das Italienische Kulturinstitut Berlin freut sich, den neuen Direktor von \u201eChiara Fama\u201c, Dott. Alessandro Turci, begr\u00fc\u00dfen zu d\u00fcrfen.<\/p>\n<p>Wie per Gesetz f\u00fcr alle \u201eChiara Fama\u201c-Nominierungen vorgesehen, erfolgte die Ernennung durch ein interministerielles Dekret des Ministers f\u00fcr Ausw\u00e4rtige Angelegenheiten und Internationale Zusammenarbeit, Antonio Tajani, der auch stellvertretender Ministerpr\u00e4sident ist. Die \u201eChiara Fama\u201c-Direktorate, die italienischen Staatsb\u00fcrgern aufgrund ihres \u201ekulturellen Ansehens und ihrer hohen Kompetenz\u201c in maximal zehn Italienischen Kulturinstituten verliehen werden k\u00f6nnen, sind auch in St\u00e4dten wie Br\u00fcssel, London, Neu-Delhi, New York, Paris, Peking und Tokio vorgesehen.<\/p>\n<p>Herr Turci hat einen Hochschulabschluss in Neuerer Geschichte an der Universit\u00e4t Mailand und ist Filmemacher, Reporter, geopolitischer Analyst sowie Mitarbeiter zahlreicher nationaler und internationaler Zeitungen und Zeitschriften.<\/p>\n<p>Wir w\u00fcnschen ihm alles Gute f\u00fcr seine Arbeit und einen erfolgreichen Aufenthalt in Berlin!<\/p>\n","protected":false},"excerpt":{"rendered":"Das Italienische Kulturinstitut Berlin freut sich, den neuen Direktor von \u201eChiara Fama\u201c, Dott. Alessandro Turci, begr\u00fc\u00dfen zu d\u00fcrfen. Wie per Gesetz f\u00fcr alle \u201eChiara Fama\u201c-Nominierungen vorgesehen, erfolgte die Ernennung durch ein interministerielles Dekret des Ministers f\u00fcr Ausw\u00e4rtige Angelegenheiten und Internationale Zusammenarbeit, Antonio Tajani, der auch stellvertretender Ministerpr\u00e4sident ist. Die \u201eChiara Fama\u201c-Direktorate, die italienischen Staatsb\u00fcrgern aufgrund [&hellip;]","protected":false},"author":5,"featured_media":0,"comment_status":"closed","ping_status":"closed","sticky":false,"template":"","format":"standard","meta":{"footnotes":""},"tags":[],"class_list":["post-6868","post","type-post","status-publish","format-standard","hentry"],"_links":{"self":[{"href":"https:\/\/iicberlino.esteri.it\/de\/wp-json\/wp\/v2\/posts\/6868","targetHints":{"allow":["GET"]}}],"collection":[{"href":"https:\/\/iicberlino.esteri.it\/de\/wp-json\/wp\/v2\/posts"}],"about":[{"href":"https:\/\/iicberlino.esteri.it\/de\/wp-json\/wp\/v2\/types\/post"}],"author":[{"embeddable":true,"href":"https:\/\/iicberlino.esteri.it\/de\/wp-json\/wp\/v2\/users\/5"}],"replies":[{"embeddable":true,"href":"https:\/\/iicberlino.esteri.it\/de\/wp-json\/wp\/v2\/comments?post=6868"}],"version-history":[{"count":1,"href":"https:\/\/iicberlino.esteri.it\/de\/wp-json\/wp\/v2\/posts\/6868\/revisions"}],"predecessor-version":[{"id":6869,"href":"https:\/\/iicberlino.esteri.it\/de\/wp-json\/wp\/v2\/posts\/6868\/revisions\/6869"}],"wp:attachment":[{"href":"https:\/\/iicberlino.esteri.it\/de\/wp-json\/wp\/v2\/media?parent=6868"}],"wp:term":[{"taxonomy":"post_tag","embeddable":true,"href":"https:\/\/iicberlino.esteri.it\/de\/wp-json\/wp\/v2\/tags?post=6868"}],"curies":[{"name":"wp","href":"https:\/\/api.w.org\/{rel}","templated":true}]}}